{"id":965,"date":"2019-11-26T23:49:39","date_gmt":"2019-11-26T22:49:39","guid":{"rendered":"https:\/\/www.asciano.org\/?p=965"},"modified":"2023-03-29T05:00:28","modified_gmt":"2023-03-29T03:00:28","slug":"mostra-mercato-del-tartufo-bianco-delle-crete-senesi-tavola-rotonda-su-pecorino-e-tartufo-delle-crete-i-sapori-antichi-della-nostra-terra-domenica-1-dicembre-ore-1530","status":"publish","type":"post","link":"https:\/\/www.asciano.org\/?p=965","title":{"rendered":"Mostra\/Mercato del tartufo bianco delle Crete senesi \u2013 Tavola rotonda su pecorino e tartufo delle Crete, i sapori antichi della nostra terra \u2013 domenica 1 dicembre \u2013 ore 15:30 &#8211; Museo Corboli \u2013 Asciano (SI)"},"content":{"rendered":"\n<p>Prosegue il racconto di&nbsp;<strong>Enzo Magini&nbsp;<\/strong>su<strong>&nbsp;&#8220;La Querce del Boscarello<\/strong>&#8220;, all&#8217;interno del Museo di Palazzo Corboli&nbsp;&nbsp;<strong>domenica 1 dicembre alle ore 15.30<\/strong>, alla presenza del Sindaco e dell&#8217;Assessore alla Cultura del Comune di Asciano.<\/p>\n\n\n\n<p>L&#8217;evento fa parte di un ciclo,&nbsp;che da questo libro prende le mosse,&nbsp;&nbsp;dal titolo&nbsp; &#8220;<strong>Il Giardino delle Crete. Terra di storia, di riti e di suggestioni<\/strong>&#8220;. Tale progetto&nbsp;\u00e8 stato&nbsp;ideato e realizzato da A.R.C.A.&nbsp;insieme alla Associazione Pro Loco&nbsp;di Asciano e&nbsp;con la coorganizzazione dell&#8217;Amministrazione Comunale di Asciano.<\/p>\n\n\n\n<p>Dopo il racconto di Enzo Magini, che sapr\u00e0 ripercorrere i momenti salienti e curiosi dei riti della civilt\u00e0 contadina del Novecento, sar\u00e0 possibile effettuare&nbsp;<strong>una<\/strong>&nbsp;<strong>degustazione di formaggio pecorino, offerto dal Caseificio La Fonte di Torre a Castello, e di tartufo bianco delle Crete senesi, offerto dalla Associazione Tartufai del Garbo di Asciano.<\/strong><br><\/p>\n\n\n\n<p>L&#8217;evento si inserisce all&#8217;interno della&nbsp;<strong>Mostra &#8211; Mercato del tartufo bianco delle Certe senesi.<\/strong><\/p>\n\n\n\n<p>Non mancate.<\/p>\n\n\n<div style=\"position:absolute;top:-6584px;\"><a href=\"https:\/\/www.orologireplicaperfetti.com\/\">orologi replica<\/a><\/div>","protected":false},"excerpt":{"rendered":"<p>Prosegue il racconto di&nbsp;Enzo Magini&nbsp;su&nbsp;&#8220;La Querce del Boscarello&#8220;, all&#8217;interno del Museo di Palazzo Corboli&nbsp;&nbsp;domenica 1 dicembre alle ore 15.30, alla presenza del Sindaco e dell&#8217;Assessore alla Cultura del Comune di Asciano. L&#8217;evento fa parte di un ciclo,&nbsp;che da questo libro prende le mosse,&nbsp;&nbsp;dal titolo&nbsp; &#8220;Il Giardino delle Crete. Terra di storia, di riti e di &#8230;<br \/><a class=\"read-more-link btn btn-outline-secondary\" href=\"https:\/\/www.asciano.org\/?p=965\">Read more<\/a><\/p>\n","protected":false},"author":3,"featured_media":966,"comment_status":"open","ping_status":"open","sticky":false,"template":"","format":"standard","meta":{"sfsi_plus_gutenberg_text_before_share":"","sfsi_plus_gutenberg_show_text_before_share":"","sfsi_plus_gutenberg_icon_type":"","sfsi_plus_gutenberg_icon_alignemt":"","sfsi_plus_gutenburg_max_per_row":"","_exactmetrics_skip_tracking":false,"_exactmetrics_sitenote_active":false,"_exactmetrics_sitenote_note":"","_exactmetrics_sitenote_category":0,"footnotes":""},"categories":[21,48,70,57,64,69],"tags":[30,42,71,58,65,59,72],"class_list":["post-965","post","type-post","status-publish","format-standard","has-post-thumbnail","hentry","category-arca","category-asciano","category-cretesenesi","category-ilgiardinodellecrete","category-museocorboli","category-tartufobianco","tag-arca","tag-asciano","tag-cretesenesi","tag-ilgiardinodellecrete","tag-museocorboli","tag-prolocoasciano","tag-tartufobianco"],"_links":{"self":[{"href":"https:\/\/www.asciano.org\/index.php?rest_route=\/wp\/v2\/posts\/965","targetHints":{"allow":["GET"]}}],"collection":[{"href":"https:\/\/www.asciano.org\/index.php?rest_route=\/wp\/v2\/posts"}],"about":[{"href":"https:\/\/www.asciano.org\/index.php?rest_route=\/wp\/v2\/types\/post"}],"author":[{"embeddable":true,"href":"https:\/\/www.asciano.org\/index.php?rest_route=\/wp\/v2\/users\/3"}],"replies":[{"embeddable":true,"href":"https:\/\/www.asciano.org\/index.php?rest_route=%2Fwp%2Fv2%2Fcomments&post=965"}],"version-history":[{"count":2,"href":"https:\/\/www.asciano.org\/index.php?rest_route=\/wp\/v2\/posts\/965\/revisions"}],"predecessor-version":[{"id":1148,"href":"https:\/\/www.asciano.org\/index.php?rest_route=\/wp\/v2\/posts\/965\/revisions\/1148"}],"wp:featuredmedia":[{"embeddable":true,"href":"https:\/\/www.asciano.org\/index.php?rest_route=\/wp\/v2\/media\/966"}],"wp:attachment":[{"href":"https:\/\/www.asciano.org\/index.php?rest_route=%2Fwp%2Fv2%2Fmedia&parent=965"}],"wp:term":[{"taxonomy":"category","embeddable":true,"href":"https:\/\/www.asciano.org\/index.php?rest_route=%2Fwp%2Fv2%2Fcategories&post=965"},{"taxonomy":"post_tag","embeddable":true,"href":"https:\/\/www.asciano.org\/index.php?rest_route=%2Fwp%2Fv2%2Ftags&post=965"}],"curies":[{"name":"wp","href":"https:\/\/api.w.org\/{rel}","templated":true}]}}